{"id":31,"date":"2006-04-24T22:10:24","date_gmt":"2015-10-16T17:40:24","guid":{"rendered":""},"modified":"2015-11-02T14:36:36","modified_gmt":"2015-11-02T13:36:36","slug":"entrainement-classe-a-a-einigen","status":"publish","type":"post","link":"http:\/\/www.bordee-de-tribord.ch\/wp\/2006\/04\/entrainement-classe-a-a-einigen\/","title":{"rendered":"Entrainement Classe-A \u00e0 Einigen"},"content":{"rendered":"<p>Samedi 22 et dimanche 23 avril, les navigateurs A-Cat se sont retrouv\u00e9s \u00e0 Einigen, lac de Thoune, pour un week-end d&#8217;entrainement. La pr\u00e9sence d&#8217;Andrew &#8220;Landi&#8221; Landenberger (Ma\u00eetre Voilier) a attir\u00e9 du monde. <!--break--> Au programme, de la th\u00e9orie avec le r\u00e9glage de nos voiles, l&#8217;effet du Cunningham, les d\u00e9placements verticaux et horizontaux du creux, la courbure du mat, etc.<\/p>\n<p>Samedi apr\u00e8s-midi, nous avons pu naviguer avec du 2-3 Bft et entrainer nos d\u00e9parts sur des petits parcours triangulaires. Ren\u00e9 Kaempf \u00e9tait pr\u00e9sent pour jauger le nouveau mat\u00e9riel. Le soir, invitation chez Gaby et Michi Sch\u00fcpbach pour un accueil et un repas tr\u00e8s sympa.<\/p>\n<p>Le dimanche, par manque de vent, nous avons pu fignoler nos r\u00e9glages et \u00e9changer nos exp\u00e9riences. Les quelques optimistes qui sont sortis avec un joli thermique ont d\u00fb faire part de patience pour rentrer.<\/p>\n<p>Merci \u00e0 Dieter Melcher pour l&#8217;organisation et l&#8217;accueil au &#8220;Sunne-H\u00fcsi&#8221; !<\/p>\n<p><IMG SRC=\"\/wp\/wp-content\/uploads\/drupal\/einigen_acats.jpg\" \/><\/p>\n<p>Le jardin de Dieter quelque peu encombr\u00e9.<\/p>\n<p><IMG SRC=\"\/wp\/wp-content\/uploads\/drupal\/einigen_landenberger_andrew.jpg\" \/><\/p>\n<p>Landi nous expliquant les r\u00e9glages de voile.<\/p>\n<p>Les participants venus de la BT : Vincent Bichsel, Charles Bueche.<\/p>\n","protected":false},"excerpt":{"rendered":"<p>Samedi 22 et dimanche 23 avril, les navigateurs A-Cat se sont retrouv\u00e9s \u00e0 Einigen, lac de Thoune, pour un week-end d&#8217;entrainement. La pr\u00e9sence d&#8217;Andrew &#8220;Landi&#8221; Landenberger (Ma\u00eetre Voilier) a attir\u00e9 du monde. Au programme, de la th\u00e9orie avec le r\u00e9glage de nos voiles, l&#8217;effet du Cunningham, les d\u00e9placements verticaux et horizontaux du creux, la courbure [&hellip;]<\/p>\n","protected":false},"author":3,"featured_media":0,"comment_status":"closed","ping_status":"open","sticky":false,"template":"","format":"standard","meta":{"ngg_post_thumbnail":0,"footnotes":""},"categories":[],"tags":[],"class_list":["post-31","post","type-post","status-publish","format-standard","hentry","nc-is-auto-shared"],"nelio_content":{"isAutoShareEnabled":true,"followers":[],"suggestedReferences":[],"includedReferences":[],"efiUrl":"","efiAlt":""},"_links":{"self":[{"href":"http:\/\/www.bordee-de-tribord.ch\/wp\/wp-json\/wp\/v2\/posts\/31","targetHints":{"allow":["GET"]}}],"collection":[{"href":"http:\/\/www.bordee-de-tribord.ch\/wp\/wp-json\/wp\/v2\/posts"}],"about":[{"href":"http:\/\/www.bordee-de-tribord.ch\/wp\/wp-json\/wp\/v2\/types\/post"}],"author":[{"embeddable":true,"href":"http:\/\/www.bordee-de-tribord.ch\/wp\/wp-json\/wp\/v2\/users\/3"}],"replies":[{"embeddable":true,"href":"http:\/\/www.bordee-de-tribord.ch\/wp\/wp-json\/wp\/v2\/comments?post=31"}],"version-history":[{"count":1,"href":"http:\/\/www.bordee-de-tribord.ch\/wp\/wp-json\/wp\/v2\/posts\/31\/revisions"}],"predecessor-version":[{"id":893,"href":"http:\/\/www.bordee-de-tribord.ch\/wp\/wp-json\/wp\/v2\/posts\/31\/revisions\/893"}],"wp:attachment":[{"href":"http:\/\/www.bordee-de-tribord.ch\/wp\/wp-json\/wp\/v2\/media?parent=31"}],"wp:term":[{"taxonomy":"category","embeddable":true,"href":"http:\/\/www.bordee-de-tribord.ch\/wp\/wp-json\/wp\/v2\/categories?post=31"},{"taxonomy":"post_tag","embeddable":true,"href":"http:\/\/www.bordee-de-tribord.ch\/wp\/wp-json\/wp\/v2\/tags?post=31"}],"curies":[{"name":"wp","href":"https:\/\/api.w.org\/{rel}","templated":true}]}}